{"id":741,"date":"2015-11-03T17:25:52","date_gmt":"2015-11-03T17:25:52","guid":{"rendered":"http:\/\/elbschule.hamburg.de\/?p=741"},"modified":"2025-09-10T16:00:39","modified_gmt":"2025-09-10T16:00:39","slug":"neu-inklusive-klassen-an-der-elbschule-ab-sommer-2016","status":"publish","type":"post","link":"https:\/\/elbschule.hamburg.de\/?p=741","title":{"rendered":"Neu: Inklusive Klassen an der Elbschule"},"content":{"rendered":"<p>Es ist soweit \u2013 die Beh\u00f6rdenleitung hat gr\u00fcnes Licht f\u00fcr ein innovatives Modell an der Elbschule gegeben. Ab Sommer 2016 gibt es einen gemeinsamen, zielgleichen Unterricht f\u00fcr Sch\u00fclerinnen und Sch\u00fcler mit und ohne H\u00f6rsch\u00e4digung. Das Modell hat sich bereits im In- und Ausland \u00fcber Jahre hinweg erfolgreich bew\u00e4hrt.<br \/>\nDie hervorragenden Rahmenbedingungen sind vielversprechend: kleine Klassen &#8211; nur 14 Sch\u00fclerinnen und Sch\u00fcler, dieselben Bildungspl\u00e4ne und dieselben Schulabschl\u00fcsse wie alle Stadtteilschulen bis Jahrgang 10, sehr gute Lernbedingungen durch moderne Lehrmittelausstattung und beste Raumakustik, kreatives p\u00e4dagogisches Konzept im Rahmen des Hamburger Kulturschulprogrammes sowie eine win-win-Situation im Bereich des sozialen Lernens f\u00fcr alle Beteiligten.<br \/>\nVerwirklicht wird dieses Modell in der Elbschule \u2013 Bildungszentrum H\u00f6ren und Kommunikation. Hier werden zurzeit \u00fcber 200 Sch\u00fclerinnen und Sch\u00fcler in 27 Klassen unterrichtet. Zum Kollegium geh\u00f6ren mehr als 80 Lehrerinnen und Lehrer sowie 14 Sozialp\u00e4dagoginnen und Erzieherinnen.<\/p>\n<p>Weitere Informationen \u00fcber folgende links:<\/p>\n<ul>\n<li><a href=\"https:\/\/elbschule.hamburg.de\/wp-content\/uploads\/sites\/127\/2015\/11\/\u00dcbersicht-Inklusive-Klassen-im-Bildungszentrum.pdf\" target=\"_blank\" rel=\"noopener noreferrer\">\u00dcbersicht Inklusive Klassen im Bildungszentrum<\/a><\/li>\n<li><a href=\"https:\/\/elbschule.hamburg.de\/wp-content\/uploads\/sites\/127\/2015\/11\/Ganztagsschule.pdf\" target=\"_blank\" rel=\"noopener noreferrer\">Ganztagsschule<\/a><\/li>\n<li><a href=\"https:\/\/elbschule.hamburg.de\/wp-content\/uploads\/sites\/127\/2015\/11\/Kulturschule.pdf\" target=\"_blank\" rel=\"noopener noreferrer\">Kulturschule<\/a><\/li>\n<li><a href=\"https:\/\/elbschule.hamburg.de\/wp-content\/uploads\/sites\/127\/2015\/11\/Leitbild-Elbschule.pdf\" target=\"_blank\" rel=\"noopener noreferrer\">Leitbild der Elbschule<\/a><\/li>\n<\/ul>\n<p style=\"text-align: left\"><strong><a href=\"https:\/\/elbschule.hamburg.de\/wp-content\/uploads\/sites\/127\/2015\/09\/witte.jpg\" data-rel=\"lightbox\" data-rl_title=\"\" data-rl_caption=\"\" title=\"\"><img loading=\"lazy\" decoding=\"async\" class=\"alignleft wp-image-678 size-full\" src=\"https:\/\/elbschule.hamburg.de\/wp-content\/uploads\/sites\/127\/2015\/09\/witte.jpg\" alt=\"\" width=\"370\" height=\"191\" srcset=\"https:\/\/elbschule.hamburg.de\/wp-content\/uploads\/sites\/127\/2015\/09\/witte.jpg 370w, https:\/\/elbschule.hamburg.de\/wp-content\/uploads\/sites\/127\/2015\/09\/witte-300x155.jpg 300w\" sizes=\"auto, (max-width: 370px) 100vw, 370px\" \/><\/a><\/strong><\/p>\n<p style=\"text-align: left\"><strong>\u00a0<\/strong><\/p>\n<p style=\"text-align: left\"><strong>Ulrike Witte<\/strong><br \/>\nSchulleiterin<br \/>\n040 &#8211; 428 485-0<br \/>\n<a href=\"mailto:Ulrike.Witte@bsfb.hamburg.de\">Ulrike.Witte@bsfb.hamburg.de<\/a><\/p>\n<p><a href=\"https:\/\/elbschule.hamburg.de\/wp-content\/uploads\/sites\/127\/2020\/03\/Rohlfs-HP.jpg\" data-rel=\"lightbox\" data-rl_title=\"\" data-rl_caption=\"\" title=\"\"><img loading=\"lazy\" decoding=\"async\" class=\"alignleft wp-image-2339 size-full\" src=\"https:\/\/elbschule.hamburg.de\/wp-content\/uploads\/sites\/127\/2020\/03\/Rohlfs-HP.jpg\" alt=\"\" width=\"370\" height=\"191\" srcset=\"https:\/\/elbschule.hamburg.de\/wp-content\/uploads\/sites\/127\/2020\/03\/Rohlfs-HP.jpg 370w, https:\/\/elbschule.hamburg.de\/wp-content\/uploads\/sites\/127\/2020\/03\/Rohlfs-HP-300x155.jpg 300w\" sizes=\"auto, (max-width: 370px) 100vw, 370px\" \/><\/a><\/p>\n<p>&nbsp;<\/p>\n<p><strong><br \/>\nMaike Rohlfs<\/strong><br \/>\nUnterrichtsentwicklung<br \/>\n&#8211; inklusive Klassen<br \/>\n<a href=\"mailto:maike.rohlfs@bzhk.hamburg.de\">maike.rohlfs@bzhk.hamburg.de<\/a><\/p>\n<p>&nbsp;<\/p>\n","protected":false},"excerpt":{"rendered":"<p>Es ist soweit \u2013 die Beh\u00f6rdenleitung hat gr\u00fcnes Licht f\u00fcr ein innovatives Modell an der Elbschule gegeben. Ab Sommer 2016 gibt es einen gemeinsamen, zielgleichen Unterricht f\u00fcr Sch\u00fclerinnen und Sch\u00fcler mit und ohne H\u00f6rsch\u00e4digung. Das Modell hat sich bereits im In- und Ausland \u00fcber Jahre hinweg erfolgreich bew\u00e4hrt. Die hervorragenden Rahmenbedingungen sind vielversprechend: kleine Klassen &hellip; <a href=\"https:\/\/elbschule.hamburg.de\/?p=741\" class=\"more-link\"><span class=\"screen-reader-text\">Neu: Inklusive Klassen an der Elbschule<\/span> weiterlesen <span class=\"meta-nav\">&rarr;<\/span><\/a><\/p>\n","protected":false},"author":195,"featured_media":0,"comment_status":"closed","ping_status":"closed","sticky":false,"template":"","format":"standard","meta":{"_acf_changed":false,"footnotes":""},"categories":[41],"tags":[],"class_list":["post-741","post","type-post","status-publish","format-standard","hentry","category-inklusive-klassen"],"acf":[],"_links":{"self":[{"href":"https:\/\/elbschule.hamburg.de\/index.php?rest_route=\/wp\/v2\/posts\/741","targetHints":{"allow":["GET"]}}],"collection":[{"href":"https:\/\/elbschule.hamburg.de\/index.php?rest_route=\/wp\/v2\/posts"}],"about":[{"href":"https:\/\/elbschule.hamburg.de\/index.php?rest_route=\/wp\/v2\/types\/post"}],"author":[{"embeddable":true,"href":"https:\/\/elbschule.hamburg.de\/index.php?rest_route=\/wp\/v2\/users\/195"}],"replies":[{"embeddable":true,"href":"https:\/\/elbschule.hamburg.de\/index.php?rest_route=%2Fwp%2Fv2%2Fcomments&post=741"}],"version-history":[{"count":6,"href":"https:\/\/elbschule.hamburg.de\/index.php?rest_route=\/wp\/v2\/posts\/741\/revisions"}],"predecessor-version":[{"id":5187,"href":"https:\/\/elbschule.hamburg.de\/index.php?rest_route=\/wp\/v2\/posts\/741\/revisions\/5187"}],"wp:attachment":[{"href":"https:\/\/elbschule.hamburg.de\/index.php?rest_route=%2Fwp%2Fv2%2Fmedia&parent=741"}],"wp:term":[{"taxonomy":"category","embeddable":true,"href":"https:\/\/elbschule.hamburg.de\/index.php?rest_route=%2Fwp%2Fv2%2Fcategories&post=741"},{"taxonomy":"post_tag","embeddable":true,"href":"https:\/\/elbschule.hamburg.de\/index.php?rest_route=%2Fwp%2Fv2%2Ftags&post=741"}],"curies":[{"name":"wp","href":"https:\/\/api.w.org\/{rel}","templated":true}]}}